{"id":1316,"date":"2016-01-28T17:48:38","date_gmt":"2016-01-28T16:48:38","guid":{"rendered":"http:\/\/www.btsa-mancy.fr\/?p=1316"},"modified":"2016-01-28T17:52:06","modified_gmt":"2016-01-28T16:52:06","slug":"projets-pic-2015-2016","status":"publish","type":"post","link":"https:\/\/www.btsa-mancy.fr\/?p=1316","title":{"rendered":"Projets PIC 2015-2016"},"content":{"rendered":"<p>\u00c7a y est, la nouvelle fourn\u00e9e de PIC (Projet d&#8217;Initiative et de Communication) est lanc\u00e9e.<\/p>\n<p>&nbsp;<\/p>\n<p>Par groupes de 3 \u00e0 4, les \u00e9tudiants ont choisi leurs projets et certains sont d\u00e9j\u00e0 bien avanc\u00e9s<\/p>\n<p><a href=\"http:\/\/www.btsa-mancy.fr\/wp-content\/uploads\/2016\/01\/Flyer-reco-trail-des-recul\u00e9es-2.jpg\" rel=\"attachment wp-att-1310\"><img loading=\"lazy\" class=\"alignnone size-medium wp-image-1310\" src=\"http:\/\/www.btsa-mancy.fr\/wp-content\/uploads\/2016\/01\/Flyer-reco-trail-des-recul\u00e9es-2-212x300.jpg\" alt=\"Flyer reco trail des recul\u00e9es 2\" width=\"212\" height=\"300\" srcset=\"https:\/\/www.btsa-mancy.fr\/wp-content\/uploads\/2016\/01\/Flyer-reco-trail-des-recul\u00e9es-2-212x300.jpg 212w, https:\/\/www.btsa-mancy.fr\/wp-content\/uploads\/2016\/01\/Flyer-reco-trail-des-recul\u00e9es-2-768x1086.jpg 768w, https:\/\/www.btsa-mancy.fr\/wp-content\/uploads\/2016\/01\/Flyer-reco-trail-des-recul\u00e9es-2-724x1024.jpg 724w, https:\/\/www.btsa-mancy.fr\/wp-content\/uploads\/2016\/01\/Flyer-reco-trail-des-recul\u00e9es-2-600x849.jpg 600w, https:\/\/www.btsa-mancy.fr\/wp-content\/uploads\/2016\/01\/Flyer-reco-trail-des-recul\u00e9es-2.jpg 1240w\" sizes=\"(max-width: 212px) 100vw, 212px\" \/><\/a><a href=\"http:\/\/www.btsa-mancy.fr\/wp-content\/uploads\/2016\/01\/flyer-reco-trail-29-km-new.jpg\" rel=\"attachment wp-att-1309\"><img loading=\"lazy\" class=\"alignnone size-medium wp-image-1309\" src=\"http:\/\/www.btsa-mancy.fr\/wp-content\/uploads\/2016\/01\/flyer-reco-trail-29-km-new-212x300.jpg\" alt=\"flyer reco trail 29 km new\" width=\"212\" height=\"300\" srcset=\"https:\/\/www.btsa-mancy.fr\/wp-content\/uploads\/2016\/01\/flyer-reco-trail-29-km-new-212x300.jpg 212w, https:\/\/www.btsa-mancy.fr\/wp-content\/uploads\/2016\/01\/flyer-reco-trail-29-km-new-768x1086.jpg 768w, https:\/\/www.btsa-mancy.fr\/wp-content\/uploads\/2016\/01\/flyer-reco-trail-29-km-new-724x1024.jpg 724w, https:\/\/www.btsa-mancy.fr\/wp-content\/uploads\/2016\/01\/flyer-reco-trail-29-km-new-600x849.jpg 600w, https:\/\/www.btsa-mancy.fr\/wp-content\/uploads\/2016\/01\/flyer-reco-trail-29-km-new.jpg 1240w\" sizes=\"(max-width: 212px) 100vw, 212px\" \/><\/a><\/p>\n<p>Organisation et prives de vues lors des reconnaissances du Trail des recul\u00e9es les 19 janvier, 31 janvier et 20 mars 2016<\/p>\n<p>&nbsp;<\/p>\n<p><a href=\"http:\/\/www.btsa-mancy.fr\/wp-content\/uploads\/2016\/01\/affiche-don-du-sang-mancy-.jpg\" rel=\"attachment wp-att-1313\"><img loading=\"lazy\" class=\"alignnone size-medium wp-image-1313\" src=\"http:\/\/www.btsa-mancy.fr\/wp-content\/uploads\/2016\/01\/affiche-don-du-sang-mancy--212x300.jpg\" alt=\"affiche don du sang mancy\" width=\"212\" height=\"300\" srcset=\"https:\/\/www.btsa-mancy.fr\/wp-content\/uploads\/2016\/01\/affiche-don-du-sang-mancy--212x300.jpg 212w, https:\/\/www.btsa-mancy.fr\/wp-content\/uploads\/2016\/01\/affiche-don-du-sang-mancy--768x1086.jpg 768w, https:\/\/www.btsa-mancy.fr\/wp-content\/uploads\/2016\/01\/affiche-don-du-sang-mancy--724x1024.jpg 724w, https:\/\/www.btsa-mancy.fr\/wp-content\/uploads\/2016\/01\/affiche-don-du-sang-mancy--600x849.jpg 600w, https:\/\/www.btsa-mancy.fr\/wp-content\/uploads\/2016\/01\/affiche-don-du-sang-mancy-.jpg 1240w\" sizes=\"(max-width: 212px) 100vw, 212px\" \/><\/a><\/p>\n<p>Organisation de la collecte de sang pour les lyc\u00e9e de Mancy et sainte Marie ainsi que pour l&#8217;\u00e9cole d&#8217;infirmi\u00e8re<\/p>\n<p><a href=\"http:\/\/www.btsa-mancy.fr\/wp-content\/uploads\/2016\/01\/26-.01-affiche-noire.jpg\" rel=\"attachment wp-att-1311\"><img loading=\"lazy\" class=\"alignnone size-medium wp-image-1311\" src=\"http:\/\/www.btsa-mancy.fr\/wp-content\/uploads\/2016\/01\/26-.01-affiche-noire-212x300.jpg\" alt=\"26 .01 affiche noire\" width=\"212\" height=\"300\" srcset=\"https:\/\/www.btsa-mancy.fr\/wp-content\/uploads\/2016\/01\/26-.01-affiche-noire-212x300.jpg 212w, https:\/\/www.btsa-mancy.fr\/wp-content\/uploads\/2016\/01\/26-.01-affiche-noire-768x1086.jpg 768w, https:\/\/www.btsa-mancy.fr\/wp-content\/uploads\/2016\/01\/26-.01-affiche-noire-724x1024.jpg 724w, https:\/\/www.btsa-mancy.fr\/wp-content\/uploads\/2016\/01\/26-.01-affiche-noire-600x849.jpg 600w, https:\/\/www.btsa-mancy.fr\/wp-content\/uploads\/2016\/01\/26-.01-affiche-noire.jpg 1240w\" sizes=\"(max-width: 212px) 100vw, 212px\" \/><\/a><\/p>\n<p>Communication pour l&#8217;action Mancy Pleine Nature<\/p>\n<p>&nbsp;<\/p>\n<p>D&#8217;autres projets sont en cours comme\u00a0 :<\/p>\n<ul>\n<li>la mise en place d&#8217;animations et de visites pour des coll\u00e9giens d&#8217;Arinthod autour du th\u00e8me du gaspillage alimentaire<\/li>\n<li>l&#8217;organisation d&#8217;animations avec des enfants d&#8217;accueils de loisirs sur la th\u00e9matique des circuits courts et notamment du pain<\/li>\n<li>le montage d&#8217;une rencontre entre 2 troupes de th\u00e9\u00e2tre d&#8217;improvisation<\/li>\n<\/ul>\n","protected":false},"excerpt":{"rendered":"<p>\u00c7a y est, la nouvelle fourn\u00e9e de PIC (Projet d&#8217;Initiative et de Communication) est lanc\u00e9e. &nbsp; Par groupes de 3 \u00e0 4, les \u00e9tudiants ont choisi leurs projets et certains sont d\u00e9j\u00e0 bien avanc\u00e9s Organisation et prives de vues lors des reconnaissances du Trail des recul\u00e9es les 19 janvier, 31 janvier et 20 mars 2016 [&hellip;]<\/p>\n","protected":false},"author":6,"featured_media":1309,"comment_status":"open","ping_status":"open","sticky":false,"template":"","format":"standard","meta":{"_et_pb_use_builder":"","_et_pb_old_content":"","_et_gb_content_width":""},"categories":[3,39],"tags":[],"_links":{"self":[{"href":"https:\/\/www.btsa-mancy.fr\/index.php?rest_route=\/wp\/v2\/posts\/1316"}],"collection":[{"href":"https:\/\/www.btsa-mancy.fr\/index.php?rest_route=\/wp\/v2\/posts"}],"about":[{"href":"https:\/\/www.btsa-mancy.fr\/index.php?rest_route=\/wp\/v2\/types\/post"}],"author":[{"embeddable":true,"href":"https:\/\/www.btsa-mancy.fr\/index.php?rest_route=\/wp\/v2\/users\/6"}],"replies":[{"embeddable":true,"href":"https:\/\/www.btsa-mancy.fr\/index.php?rest_route=%2Fwp%2Fv2%2Fcomments&post=1316"}],"version-history":[{"count":1,"href":"https:\/\/www.btsa-mancy.fr\/index.php?rest_route=\/wp\/v2\/posts\/1316\/revisions"}],"predecessor-version":[{"id":1317,"href":"https:\/\/www.btsa-mancy.fr\/index.php?rest_route=\/wp\/v2\/posts\/1316\/revisions\/1317"}],"wp:featuredmedia":[{"embeddable":true,"href":"https:\/\/www.btsa-mancy.fr\/index.php?rest_route=\/wp\/v2\/media\/1309"}],"wp:attachment":[{"href":"https:\/\/www.btsa-mancy.fr\/index.php?rest_route=%2Fwp%2Fv2%2Fmedia&parent=1316"}],"wp:term":[{"taxonomy":"category","embeddable":true,"href":"https:\/\/www.btsa-mancy.fr\/index.php?rest_route=%2Fwp%2Fv2%2Fcategories&post=1316"},{"taxonomy":"post_tag","embeddable":true,"href":"https:\/\/www.btsa-mancy.fr\/index.php?rest_route=%2Fwp%2Fv2%2Ftags&post=1316"}],"curies":[{"name":"wp","href":"https:\/\/api.w.org\/{rel}","templated":true}]}}