{"id":1326,"date":"2016-01-29T10:50:30","date_gmt":"2016-01-29T09:50:30","guid":{"rendered":"http:\/\/www.btsa-mancy.fr\/?p=1326"},"modified":"2016-02-05T22:36:30","modified_gmt":"2016-02-05T21:36:30","slug":"les-jeudis-du-chalet-colette","status":"publish","type":"post","link":"https:\/\/www.btsa-mancy.fr\/?p=1326","title":{"rendered":"Les jeudis du chalet Colette"},"content":{"rendered":"<p>Depuis la rentr\u00e9e de septembre, la classe de BTSA1 s&#8217;est empar\u00e9e de l&#8217;organisation des &#8221; jeudis du Chalet Colette&#8221;. Ces soir\u00e9es aux habitants de Lons et aux \u00e9l\u00e8ves de l&#8217;\u00e9tablissement proposent une programmation \u00e9clectique passant du conte \u00e0 l&#8217;improvisation, au slam ou au jazz et passant par des lectures.<\/p>\n<p><a href=\"http:\/\/www.btsa-mancy.fr\/wp-content\/uploads\/2016\/01\/AFFICHE-contes-public-ext.jpg\" rel=\"attachment wp-att-1315\"><img loading=\"lazy\" class=\"alignnone size-medium wp-image-1315\" src=\"http:\/\/www.btsa-mancy.fr\/wp-content\/uploads\/2016\/01\/AFFICHE-contes-public-ext-212x300.jpg\" alt=\"AFFICHE contes public ext\" width=\"212\" height=\"300\" srcset=\"https:\/\/www.btsa-mancy.fr\/wp-content\/uploads\/2016\/01\/AFFICHE-contes-public-ext-212x300.jpg 212w, https:\/\/www.btsa-mancy.fr\/wp-content\/uploads\/2016\/01\/AFFICHE-contes-public-ext-768x1086.jpg 768w, https:\/\/www.btsa-mancy.fr\/wp-content\/uploads\/2016\/01\/AFFICHE-contes-public-ext-724x1024.jpg 724w, https:\/\/www.btsa-mancy.fr\/wp-content\/uploads\/2016\/01\/AFFICHE-contes-public-ext-600x849.jpg 600w, https:\/\/www.btsa-mancy.fr\/wp-content\/uploads\/2016\/01\/AFFICHE-contes-public-ext.jpg 1240w\" sizes=\"(max-width: 212px) 100vw, 212px\" \/><\/a><a href=\"http:\/\/www.btsa-mancy.fr\/wp-content\/uploads\/2016\/01\/Affiche-Colette-Jazz-Finale.jpg\" rel=\"attachment wp-att-1312\">\u00a0\u00a0\u00a0\u00a0\u00a0\u00a0\u00a0\u00a0\u00a0<\/a><a href=\"http:\/\/www.btsa-mancy.fr\/wp-content\/uploads\/2016\/01\/Affiche-Colette-Jazz-Finale.jpg\" rel=\"attachment wp-att-1312\"><img loading=\"lazy\" class=\"alignnone size-medium wp-image-1312\" src=\"http:\/\/www.btsa-mancy.fr\/wp-content\/uploads\/2016\/01\/Affiche-Colette-Jazz-Finale-212x300.jpg\" alt=\"Affiche Colette Jazz Finale\" width=\"212\" height=\"300\" srcset=\"https:\/\/www.btsa-mancy.fr\/wp-content\/uploads\/2016\/01\/Affiche-Colette-Jazz-Finale-212x300.jpg 212w, https:\/\/www.btsa-mancy.fr\/wp-content\/uploads\/2016\/01\/Affiche-Colette-Jazz-Finale-768x1086.jpg 768w, https:\/\/www.btsa-mancy.fr\/wp-content\/uploads\/2016\/01\/Affiche-Colette-Jazz-Finale-724x1024.jpg 724w, https:\/\/www.btsa-mancy.fr\/wp-content\/uploads\/2016\/01\/Affiche-Colette-Jazz-Finale-600x849.jpg 600w, https:\/\/www.btsa-mancy.fr\/wp-content\/uploads\/2016\/01\/Affiche-Colette-Jazz-Finale.jpg 1240w\" sizes=\"(max-width: 212px) 100vw, 212px\" \/><\/a><a href=\"http:\/\/www.btsa-mancy.fr\/wp-content\/uploads\/2016\/01\/Affiche-Colette-Jazz-Finale.jpg\" rel=\"attachment wp-att-1312\">\u00a0\u00a0\u00a0\u00a0\u00a0\u00a0\u00a0\u00a0\u00a0 <\/a><a href=\"http:\/\/www.btsa-mancy.fr\/wp-content\/uploads\/2016\/01\/Soir\u00e9e-Lecture-Chalet-Colette-28.01.jpg\" rel=\"attachment wp-att-1308\"><img loading=\"lazy\" class=\"alignnone size-medium wp-image-1308\" src=\"http:\/\/www.btsa-mancy.fr\/wp-content\/uploads\/2016\/01\/Soir\u00e9e-Lecture-Chalet-Colette-28.01-212x300.jpg\" alt=\"Soir\u00e9e Lecture Chalet Colette 28.01\" width=\"212\" height=\"300\" srcset=\"https:\/\/www.btsa-mancy.fr\/wp-content\/uploads\/2016\/01\/Soir\u00e9e-Lecture-Chalet-Colette-28.01-212x300.jpg 212w, https:\/\/www.btsa-mancy.fr\/wp-content\/uploads\/2016\/01\/Soir\u00e9e-Lecture-Chalet-Colette-28.01-768x1086.jpg 768w, https:\/\/www.btsa-mancy.fr\/wp-content\/uploads\/2016\/01\/Soir\u00e9e-Lecture-Chalet-Colette-28.01-724x1024.jpg 724w, https:\/\/www.btsa-mancy.fr\/wp-content\/uploads\/2016\/01\/Soir\u00e9e-Lecture-Chalet-Colette-28.01-600x849.jpg 600w, https:\/\/www.btsa-mancy.fr\/wp-content\/uploads\/2016\/01\/Soir\u00e9e-Lecture-Chalet-Colette-28.01.jpg 1240w\" sizes=\"(max-width: 212px) 100vw, 212px\" \/><\/a><\/p>\n<p>Apr\u00e8s avoir r\u00e9fl\u00e9chi collectivement \u00e0 la cr\u00e9ation et la diffusion de la plaquette globale, les \u00e9tudiants se sont r\u00e9partis en groupe de 3 \u00e0 4 \u00e9tudiants pour l&#8217;organisation de chaque soir\u00e9e.<\/p>\n<p>A l&#8217;approche de chaque rendez-vous, le groupe concern\u00e9 prend contact avec les intervenants, r\u00e9alise et diffuse la communication propre \u00e0 chaque soir\u00e9e et se charge de mettre en place la logistique et l&#8217;accueil.<\/p>\n<p><a href=\"http:\/\/www.btsa-mancy.fr\/wp-content\/uploads\/2016\/02\/article-jeudi-du-chalet-voix-du-jura-nov-2015-e1454707769249.jpg\" rel=\"attachment wp-att-1372\"><img loading=\"lazy\" class=\"alignnone size-medium wp-image-1372\" src=\"http:\/\/www.btsa-mancy.fr\/wp-content\/uploads\/2016\/02\/article-jeudi-du-chalet-voix-du-jura-nov-2015-e1454707769249-300x212.jpg\" alt=\"article jeudi du chalet voix du jura nov 2015\" width=\"300\" height=\"212\" srcset=\"https:\/\/www.btsa-mancy.fr\/wp-content\/uploads\/2016\/02\/article-jeudi-du-chalet-voix-du-jura-nov-2015-e1454707769249-300x212.jpg 300w, https:\/\/www.btsa-mancy.fr\/wp-content\/uploads\/2016\/02\/article-jeudi-du-chalet-voix-du-jura-nov-2015-e1454707769249-768x543.jpg 768w, https:\/\/www.btsa-mancy.fr\/wp-content\/uploads\/2016\/02\/article-jeudi-du-chalet-voix-du-jura-nov-2015-e1454707769249-1024x724.jpg 1024w, https:\/\/www.btsa-mancy.fr\/wp-content\/uploads\/2016\/02\/article-jeudi-du-chalet-voix-du-jura-nov-2015-e1454707769249-600x424.jpg 600w\" sizes=\"(max-width: 300px) 100vw, 300px\" \/>\u00a0\u00a0\u00a0\u00a0\u00a0\u00a0\u00a0\u00a0\u00a0\u00a0\u00a0 <\/a><a href=\"http:\/\/www.btsa-mancy.fr\/wp-content\/uploads\/2016\/02\/Le-progre\u0300s-30-Janv-2016.jpg\" rel=\"attachment wp-att-1376\"><img loading=\"lazy\" class=\"alignnone size-medium wp-image-1376\" src=\"http:\/\/www.btsa-mancy.fr\/wp-content\/uploads\/2016\/02\/Le-progre\u0300s-30-Janv-2016-212x300.jpg\" alt=\"Le progre\u0300s 30 Janv 2016\" width=\"212\" height=\"300\" \/><\/a><\/p>\n","protected":false},"excerpt":{"rendered":"<p>Depuis la rentr\u00e9e de septembre, la classe de BTSA1 s&#8217;est empar\u00e9e de l&#8217;organisation des &#8221; jeudis du Chalet Colette&#8221;. Ces soir\u00e9es aux habitants de Lons et aux \u00e9l\u00e8ves de l&#8217;\u00e9tablissement proposent une programmation \u00e9clectique passant du conte \u00e0 l&#8217;improvisation, au slam ou au jazz et passant par des lectures. \u00a0\u00a0\u00a0\u00a0\u00a0\u00a0\u00a0\u00a0\u00a0\u00a0\u00a0\u00a0\u00a0\u00a0\u00a0\u00a0\u00a0\u00a0 Apr\u00e8s avoir r\u00e9fl\u00e9chi collectivement \u00e0 [&hellip;]<\/p>\n","protected":false},"author":6,"featured_media":1328,"comment_status":"open","ping_status":"open","sticky":false,"template":"","format":"standard","meta":{"_et_pb_use_builder":"","_et_pb_old_content":"","_et_gb_content_width":""},"categories":[3,38],"tags":[],"_links":{"self":[{"href":"https:\/\/www.btsa-mancy.fr\/index.php?rest_route=\/wp\/v2\/posts\/1326"}],"collection":[{"href":"https:\/\/www.btsa-mancy.fr\/index.php?rest_route=\/wp\/v2\/posts"}],"about":[{"href":"https:\/\/www.btsa-mancy.fr\/index.php?rest_route=\/wp\/v2\/types\/post"}],"author":[{"embeddable":true,"href":"https:\/\/www.btsa-mancy.fr\/index.php?rest_route=\/wp\/v2\/users\/6"}],"replies":[{"embeddable":true,"href":"https:\/\/www.btsa-mancy.fr\/index.php?rest_route=%2Fwp%2Fv2%2Fcomments&post=1326"}],"version-history":[{"count":5,"href":"https:\/\/www.btsa-mancy.fr\/index.php?rest_route=\/wp\/v2\/posts\/1326\/revisions"}],"predecessor-version":[{"id":1377,"href":"https:\/\/www.btsa-mancy.fr\/index.php?rest_route=\/wp\/v2\/posts\/1326\/revisions\/1377"}],"wp:featuredmedia":[{"embeddable":true,"href":"https:\/\/www.btsa-mancy.fr\/index.php?rest_route=\/wp\/v2\/media\/1328"}],"wp:attachment":[{"href":"https:\/\/www.btsa-mancy.fr\/index.php?rest_route=%2Fwp%2Fv2%2Fmedia&parent=1326"}],"wp:term":[{"taxonomy":"category","embeddable":true,"href":"https:\/\/www.btsa-mancy.fr\/index.php?rest_route=%2Fwp%2Fv2%2Fcategories&post=1326"},{"taxonomy":"post_tag","embeddable":true,"href":"https:\/\/www.btsa-mancy.fr\/index.php?rest_route=%2Fwp%2Fv2%2Ftags&post=1326"}],"curies":[{"name":"wp","href":"https:\/\/api.w.org\/{rel}","templated":true}]}}