{"id":1731,"date":"2017-01-12T19:16:02","date_gmt":"2017-01-12T18:16:02","guid":{"rendered":"http:\/\/www.btsa-mancy.fr\/?p=1731"},"modified":"2017-04-05T10:59:05","modified_gmt":"2017-04-05T09:59:05","slug":"le-cartable-de-lecole-lourd-a-porter","status":"publish","type":"post","link":"https:\/\/www.btsa-mancy.fr\/?p=1731","title":{"rendered":"Le cartable de l&#8217;\u00e9cole lourd \u00e0 porter"},"content":{"rendered":"<p>[et_pb_section fb_built=&#8221;1&#8243; admin_label=&#8221;section&#8221;][et_pb_row admin_label=&#8221;row&#8221;][et_pb_column type=&#8221;4_4&#8243; parallax=&#8221;off&#8221; parallax_method=&#8221;on&#8221;][et_pb_image src=&#8221;http:\/\/www.btsa-mancy.fr\/wp-content\/uploads\/2017\/01\/lours-livres.jpg&#8221; admin_label=&#8221;Image&#8221;] [\/et_pb_image][et_pb_text admin_label=&#8221;Texte&#8221;]<\/p>\n<p><em>Nous connaissons tous l&rsquo;&eacute;cole, et vous &ecirc;tes les premiers &agrave; vous y int&eacute;resser. Oui, vous qui &ecirc;tes en train de parcourir le site et en train de chercher votre orientation. Mais aussi vous qui voulez &ecirc;tre s&ucirc;rs de trouver la bonne &eacute;cole pour votre enfant, pour &ecirc;tre certain qu&rsquo;elle lui plaira, qu&rsquo;il y sera bien et qu&rsquo;il vous ram&egrave;nera un bon bulletin. Mais alors que cherchez-vous&nbsp;? Pourquoi tel ou tel &eacute;tablissement&nbsp;? Pourquoi aller plus loin alors qu&rsquo;il y a la m&ecirc;me &agrave; c&ocirc;t&eacute; de chez vous&nbsp;? Ces questionnements nous en posent &nbsp;un de plus grande ampleur&nbsp;: <span style=\"color: #edb418;\">Le bonheur a-t-il sa place sur les bancs de l&rsquo;&eacute;cole du XXI&egrave;me si&egrave;cle&nbsp;?<\/span><\/em><\/p>\n<p>[\/et_pb_text][\/et_pb_column][\/et_pb_row][\/et_pb_section][et_pb_section fb_built=&#8221;1&#8243; admin_label=&#8221;section&#8221;][et_pb_row admin_label=&#8221;row&#8221;][et_pb_column type=&#8221;4_4&#8243; parallax=&#8221;off&#8221; parallax_method=&#8221;on&#8221;][et_pb_text admin_label=&#8221;Texte&#8221;]<\/p>\n<p><strong>Petit point historique<\/strong><\/p>\n<p>[\/et_pb_text][\/et_pb_column][\/et_pb_row][et_pb_row admin_label=&#8221;Ligne&#8221;][et_pb_column type=&#8221;1_2&#8243; parallax=&#8221;off&#8221; parallax_method=&#8221;on&#8221;][et_pb_text admin_label=&#8221;Texte&#8221;]<\/p>\n<p>1882\u00a0: loi de Jules Ferry, l\u2019\u00e9cole devient obligatoire pour tous, sa gratuit\u00e9 avait \u00e9t\u00e9 obtenue une ann\u00e9e plus t\u00f4t. Avanc\u00e9e r\u00e9volutionnaire qui permettra de r\u00e9duire les in\u00e9galit\u00e9s, instruire la France rurale paysanne et qui va prendre de plus en plus d\u2019importance dans notre soci\u00e9t\u00e9. Aujourd\u2019hui nous construisons notre vie sur les \u00e9tudes puisque d\u00e8s le plus jeune \u00e2ge, l\u2019\u00e9cole nous transmet des normes et des valeurs mais aussi un style de vie. Nous voulons aller toujours plus loin, avoir toujours plus de dipl\u00f4mes pour essayer de faire face \u00e0 la r\u00e9alit\u00e9 de l\u2019emploi.<\/p>\n<p>[\/et_pb_text][\/et_pb_column][et_pb_column type=&#8221;1_2&#8243; parallax=&#8221;off&#8221; parallax_method=&#8221;on&#8221;][et_pb_image src=&#8221;http:\/\/www.btsa-mancy.fr\/wp-content\/uploads\/2017\/01\/ecirer.jpg&#8221; admin_label=&#8221;Image&#8221;] [\/et_pb_image][\/et_pb_column][\/et_pb_row][et_pb_row admin_label=&#8221;Ligne&#8221;][et_pb_column type=&#8221;1_2&#8243; parallax=&#8221;off&#8221; parallax_method=&#8221;on&#8221;][et_pb_text admin_label=&#8221;Texte&#8221;]<\/p>\n<p><strong>Une \u00e9cole au diagnostic de plus en plus critique<\/strong><\/p>\n<p>L\u2019institution scolaire du XIX\u00e8me si\u00e8cle a du mal \u00e0 laisser sa place \u00e0 une \u00e9cole plus moderne, adapt\u00e9e \u00e0 la soci\u00e9t\u00e9 actuelle. Toujours en rang assis sur leurs chaises \u00e0 \u00e9couter les enseignants leur transmettre leur savoir, les \u00e9l\u00e8ves prennent note et r\u00e9visent \u00e0 la maison pour avoir la meilleure note \u00e0 l\u2019interrogation du lendemain. La sonnerie de fin de cours, toujours r\u00e9gl\u00e9e \u00e0 la minute, retentit comme pour la pause d\u00e9jeuner \u00e0 l\u2019usine avec une r\u00e9partition par tranche d\u2019\u00e2ge telle une uniformit\u00e9 des \u00ab\u00a0produits\u00a0\u00bb.<\/p>\n<p>[\/et_pb_text][et_pb_text admin_label=&#8221;Texte&#8221;]<\/p>\n<p>Les notes, utilis\u00e9es depuis les d\u00e9buts, sont vues comme le reflet des connaissances acquises par les \u00e9l\u00e8ves. Cependant, r\u00e9pondre juste \u00e0 une question ou non durant un devoir ne donne pas le reflet exact de la capacit\u00e9 de r\u00e9flexion et de l\u2019\u00e9tat des connaissances des \u00e9l\u00e8ves. Ainsi, ceux ayant une capacit\u00e9 forte \u00e0 apprendre \u00ab\u00a0par c\u0153ur\u00a0\u00bb sont favoris\u00e9s face \u00e0 ce syst\u00e8me de notation. Se d\u00e9veloppe alors le stress, la peur de l\u2019\u00e9chec, la d\u00e9motivation, l\u2019hyperactivit\u00e9, la violence\u2026 .<span style=\"color: #000000;\">..\u21d2<\/span><\/p>\n<p>[\/et_pb_text][\/et_pb_column][et_pb_column type=&#8221;1_2&#8243; parallax=&#8221;off&#8221; parallax_method=&#8221;on&#8221;][et_pb_image src=&#8221;http:\/\/www.btsa-mancy.fr\/wp-content\/uploads\/2017\/01\/rang-classe.jpg&#8221; admin_label=&#8221;Image&#8221;] [\/et_pb_image][et_pb_text admin_label=&#8221;Texte&#8221;]<\/p>\n<p><span style=\"color: #000000;\">&#8230;\u21d2<\/span> Les sp\u00e9cialistes de l\u2019\u00e9ducation et psychologues tentent de r\u00e9pondre \u00e0 ces mal-\u00eatre croissants mais chaque ann\u00e9e, de nouveaux cas reviennent.<\/p>\n<p>Ces troubles sont aussi le fruit d\u2019une p\u00e9dagogie unipersonnelle. Tous les \u00e9l\u00e8ves sont contraints \u00e0 suivre les m\u00eames m\u00e9thodes d\u2019apprentissage. Or nous avons tous un fonctionnement c\u00e9r\u00e9bral diff\u00e9rent. La fa\u00e7on d\u2019int\u00e9grer les connaissances, la compr\u00e9hension des m\u00e9canismes et les d\u00e9marches logiques de r\u00e9flexion ne sont pas les m\u00eames selon qui nous sommes.<\/p>\n<p>L\u2019\u00e9ducation nationale ne prend pas en compte ces diff\u00e9rences, c\u2019est pourquoi certains \u00e9l\u00e8ves ne trouvent pas leur place au sein de leur \u00e9cole, ce qui peut les pousser \u00e0 un mal-\u00eatre plus ou moins marqu\u00e9 ou \u00e0 une poursuite d\u2019\u00e9tude plus ou moins longue.<\/p>\n<p>[\/et_pb_text][\/et_pb_column][\/et_pb_row][et_pb_row admin_label=&#8221;Ligne&#8221;][et_pb_column type=&#8221;1_2&#8243; parallax=&#8221;off&#8221; parallax_method=&#8221;on&#8221;][et_pb_text admin_label=&#8221;Texte&#8221;]<\/p>\n<p><strong>L\u2019\u00e9cole : \u00e0 la recherche du bonheur<\/strong><\/p>\n<p>[\/et_pb_text][\/et_pb_column][et_pb_column type=&#8221;1_2&#8243; parallax=&#8221;off&#8221; parallax_method=&#8221;on&#8221;][\/et_pb_column][\/et_pb_row][et_pb_row admin_label=&#8221;Ligne&#8221;][et_pb_column type=&#8221;4_4&#8243; parallax=&#8221;off&#8221; parallax_method=&#8221;on&#8221;][et_pb_text admin_label=&#8221;Texte&#8221;]<\/p>\n<p>Il est difficile d&rsquo;imaginer une &eacute;cole &laquo;&nbsp;triste&raquo; o&ugrave; les rires des cours de r&eacute;cr&eacute;ation se transforment en bagarres et vulgarit&eacute;&nbsp;; o&ugrave; le mauvais &eacute;l&egrave;ve ne fait pas partie du ballon prisonnier men&eacute; par les premiers de classe.<\/p>\n<p>[\/et_pb_text][\/et_pb_column][\/et_pb_row][et_pb_row admin_label=&#8221;Ligne&#8221;][et_pb_column type=&#8221;1_2&#8243; parallax=&#8221;off&#8221; parallax_method=&#8221;on&#8221;][et_pb_text admin_label=&#8221;Texte&#8221;]<\/p>\n<p>&nbsp;<\/p>\n<p>&nbsp;<\/p>\n<p>&nbsp;<\/p>\n<p>[\/et_pb_text][et_pb_image src=&#8221;http:\/\/www.btsa-mancy.fr\/wp-content\/uploads\/2017\/01\/le-bonheur-des-eleves-aurait-des-repercussions-positives-sur-leurs-notes-lg-27419.jpg&#8221; admin_label=&#8221;Image&#8221;] [\/et_pb_image][\/et_pb_column][et_pb_column type=&#8221;1_2&#8243; parallax=&#8221;off&#8221; parallax_method=&#8221;on&#8221;][et_pb_text admin_label=&#8221;Texte&#8221;]<\/p>\n<p>Pour r&eacute;approvisionner le bonheur dans nos &eacute;coles fran&ccedil;aises, des exp&eacute;riences et recherches ont &eacute;t&eacute; men&eacute;es par diff&eacute;rents sp&eacute;cialistes et psychologues. Par exemple, pour pallier le manque de motivation, plusieurs solutions sont propos&eacute;es&nbsp;telles qu&rsquo;un rapport proche entre l&rsquo;enseignant et l&rsquo;&eacute;l&egrave;ve ou l&rsquo;attractivit&eacute; par des m&eacute;thodes amusantes car pour apprendre l&rsquo;&eacute;l&egrave;ve a besoin de s&rsquo;amuser.<\/p>\n<p>[\/et_pb_text][\/et_pb_column][\/et_pb_row][et_pb_row admin_label=&#8221;Ligne&#8221;][et_pb_column type=&#8221;4_4&#8243; parallax=&#8221;off&#8221; parallax_method=&#8221;on&#8221;][et_pb_text admin_label=&#8221;Texte&#8221;]<\/p>\n<p>D\u2019autres \u00e9tudes ont d\u00e9fini ce qu\u2019\u00e9tait le climat scolaire, appel\u00e9 aussi le \u00ab\u00a0bien \u00eatre \u00e0 l\u2019\u00e9cole\u00a0\u00bb. Celui-ci pointe 7 facteurs qui, selon comment ils sont appliqu\u00e9s tendent plus ou moins au bonheur. Ainsi nous retrouvons\u00a0:<\/p>\n<p>[\/et_pb_text][et_pb_image src=&#8221;http:\/\/www.btsa-mancy.fr\/wp-content\/uploads\/2017\/01\/schema_n1.png&#8221; admin_label=&#8221;Image&#8221;] [\/et_pb_image][et_pb_text admin_label=&#8221;Texte&#8221;]<\/p>\n<p>Toutefois, m&ecirc;me si nous r&eacute;unissons toutes ces conditions, il est difficile d&rsquo;arriver &agrave; un parfait bonheur pour tous, puisque la forme et les m&eacute;thodes p&eacute;dagogiques restent pratiquement inchang&eacute;es.<\/p>\n<\/p>\n<p>L&rsquo;&eacute;ducation nationale a elle aussi essay&eacute; de faire des efforts gr&acirc;ce notamment &agrave; des partenariats d&rsquo;associations ou &agrave; des regroupements de professeurs tels que la F&eacute;d&eacute;ration des &eacute;tablissements scolaires publics innovants. Nous parlons ici &laquo;&nbsp;d&rsquo;&eacute;ducation nouvelle&nbsp;&raquo; qui consiste &agrave; &eacute;changer et r&eacute;fl&eacute;chir sur des m&eacute;thodes p&eacute;dagogiques modernes. Parmi celles-ci, existe la m&eacute;thode Freinet, plus bas&eacute;e sur le respect du rythme de l&rsquo;enfant et l&rsquo;entre-aide.<\/p>\n<\/p>\n<p>Mais la p&eacute;dagogie alternative est tr&egrave;s limit&eacute;e au sein de l&rsquo;&eacute;ducation nationale et aucune n&rsquo;est enseign&eacute;e &agrave; l&rsquo;&eacute;cole sup&eacute;rieure de professorat de l&rsquo;&eacute;ducation.<\/p>\n<p>[\/et_pb_text][\/et_pb_column][\/et_pb_row][et_pb_row admin_label=&#8221;Ligne&#8221;][et_pb_column type=&#8221;4_4&#8243; parallax=&#8221;off&#8221; parallax_method=&#8221;on&#8221;][et_pb_text admin_label=&#8221;Texte&#8221;]<\/p>\n<ul>\n<li><span style=\"color: #993366;\">Les p\u00e9dagogies alternatives\u00a0: l\u2019enseignement pour Tous<\/span><\/li>\n<\/ul>\n<p>Les p\u00e9dagogies alternatives concernent pr\u00e8s de 50\u00a0000 \u00e9l\u00e8ves en France et pr\u00e8s de 590 \u00e9tablissements. Ces \u00e9coles peuvent \u00eatre priv\u00e9es mais \u00e9galement publiques. Selon si elles ont sign\u00e9 un contrat avec l\u2019Etat, elles sont gratuites mais \u00e9galement contraintes aux horaires et programmes de l\u2019\u00e9ducation nationale, \u00e0 l\u2019inverse, si elles sont hors contrat, elles sont payantes mais libres de leur fonctionnement.<\/p>\n<p>[\/et_pb_text][\/et_pb_column][\/et_pb_row][et_pb_row admin_label=&#8221;Ligne&#8221;][et_pb_column type=&#8221;4_4&#8243; parallax=&#8221;off&#8221; parallax_method=&#8221;on&#8221;][et_pb_text admin_label=&#8221;Texte&#8221;]<\/p>\n<p style=\"text-align: center;\">L&#8217;\u00e9cole Montessori<\/p>\n<p>[\/et_pb_text][\/et_pb_column][\/et_pb_row][et_pb_row admin_label=&#8221;Ligne&#8221;][et_pb_column type=&#8221;1_2&#8243; parallax=&#8221;off&#8221; parallax_method=&#8221;on&#8221;][et_pb_text admin_label=&#8221;Texte&#8221;]<\/p>\n<p style=\"text-align: left;\">Cr\u00e9\u00e9e dans les ann\u00e9es 1900 par les recherches de la p\u00e9dagogue Maria Montessori, cet enseignement est bas\u00e9 sur l\u2019individu. L\u2019enfant est alors acteur de son propre d\u00e9veloppement et a droit au libre d\u00e9placement ainsi qu\u2019au libre choix d\u2019activit\u00e9s. La classe se transforme alors en un lieu de vie, o\u00f9 les \u00e9l\u00e8ves transportent leur table d\u2019un coin \u00e0 l\u2019autre de la pi\u00e8ce, d\u00e9plient\u00a0<span style=\"color: #000000;\">&#8230;\u21d2<\/span><\/p>\n<p>[\/et_pb_text][\/et_pb_column][et_pb_column type=&#8221;1_2&#8243; parallax=&#8221;off&#8221; parallax_method=&#8221;on&#8221;][et_pb_text admin_label=&#8221;Texte&#8221;]<\/p>\n<p><span style=\"color: #000000;\">&#8230;&rArr;<\/span> un tapis pour s&rsquo;y installer, ouvrent des classeurs d&rsquo;activit&eacute;s pour y faire des photocopies&hellip; Bref, l&rsquo;autonomie y est bien vite apprise et le besoin d&rsquo;apprendre &eacute;galement. Ici, pas de classe pr&eacute;cise mais une organisation par niveaux d&rsquo;acquisition de comp&eacute;tences. Quant &agrave; l&rsquo;enseignant, il occupe une place d&rsquo;accompagnateur plus que de transmetteur de savoirs.<\/p>\n<p>[\/et_pb_text][\/et_pb_column][\/et_pb_row][et_pb_row admin_label=&#8221;Ligne&#8221;][et_pb_column type=&#8221;1_2&#8243; parallax=&#8221;off&#8221; parallax_method=&#8221;on&#8221;][et_pb_image src=&#8221;http:\/\/www.btsa-mancy.fr\/wp-content\/uploads\/2017\/01\/montessori.jpg&#8221; admin_label=&#8221;Image&#8221;] [\/et_pb_image][\/et_pb_column][et_pb_column type=&#8221;1_2&#8243; parallax=&#8221;off&#8221; parallax_method=&#8221;on&#8221;][et_pb_text admin_label=&#8221;Texte&#8221;]<\/p>\n<p>&nbsp;<\/p>\n<p>&nbsp;<\/p>\n<p>[\/et_pb_text][et_pb_text admin_label=&#8221;Texte&#8221;]<\/p>\n<p>Pour plus d&#8217;information sur <a href=\"https:\/\/montessori-france.asso.fr\/\" target=\"_blank\"><em>L&#8217;\u00e9cole Montessori<\/em><\/a><\/p>\n<p>[\/et_pb_text][\/et_pb_column][\/et_pb_row][et_pb_row admin_label=&#8221;Ligne&#8221;][et_pb_column type=&#8221;4_4&#8243; parallax=&#8221;off&#8221; parallax_method=&#8221;on&#8221;][et_pb_text admin_label=&#8221;Texte&#8221;]<\/p>\n<p>Dans ce m\u00eame esprit de p\u00e9dagogie alternative, existe les \u00e9coles <span style=\"color: #000000;\"><em><a style=\"color: #000000;\" href=\"http:\/\/steiner-waldorf.org\/\" target=\"_blank\">Steiner-Waldorf<\/a><\/em><\/span>, \u00e9galement n\u00e9es dans les ann\u00e9es 1900. La m\u00e9thode d\u2019\u00e9ducation est bas\u00e9e sur l\u2019ouverture au monde et d\u00e8s le plus jeune \u00e2ge deux langues vivantes y sont enseign\u00e9es. Dans cette m\u00eame logique, des stages dans les milieux agricole, industriel et social sont obligatoires pour les adolescents.<\/p>\n<p>[\/et_pb_text][\/et_pb_column][\/et_pb_row][et_pb_row admin_label=&#8221;Ligne&#8221;][et_pb_column type=&#8221;4_4&#8243; parallax=&#8221;off&#8221; parallax_method=&#8221;on&#8221;][et_pb_text admin_label=&#8221;Texte&#8221;]<\/p>\n<ul>\n<li><span style=\"color: #993300;\">Apr\u00e8s avoir fait un tour de France, allons faire un petit tour du monde<\/span><\/li>\n<\/ul>\n<p>[\/et_pb_text][\/et_pb_column][\/et_pb_row][et_pb_row admin_label=&#8221;Ligne&#8221;][et_pb_column type=&#8221;1_2&#8243; parallax=&#8221;off&#8221; parallax_method=&#8221;on&#8221;][et_pb_text admin_label=&#8221;Texte&#8221;]<\/p>\n<p>Certains pays sont connus pour leur &eacute;ducation, et la France ferait bien de s&rsquo;en inspirer. Parmi ceux-l&agrave; nous en citerons quelques uns. A Shanghai par exemple, on accorde beaucoup d&rsquo;importance aux enseignants, favorisant les plus comp&eacute;tents dans les classes difficiles. Cela permet un encadrement plus marqu&eacute; et un accompagnement personnel pour rem&eacute;dier aux lacunes.<\/p>\n<\/p>\n<p>En Pologne, le but est de satisfaire les besoins des &eacute;l&egrave;ves en adaptant les m&eacute;thodes p&eacute;dagogiques, ils obtiennent ainsi de meilleurs r&eacute;sultats.<\/p>\n<\/p>\n<p>Au Canada, la confiance entre enseignants et &eacute;l&egrave;ves est fondamentale et il est impensable pour un professeur de laisser sur le banc de touche un &eacute;l&egrave;ve.<\/p>\n<\/p>\n<p>C&rsquo;est pourquoi, ils travaillent en collaboration avec des sp&eacute;cialistes tels que des orthophonistes ou des &eacute;ducateurs sp&eacute;cialis&eacute;s.<\/p>\n<\/p>\n<p>Enfin, nous pourrions nous appuyer sur le mod&egrave;le Allemand qui repose sur l&rsquo;autonomie et le rythme&nbsp; de chacun.<\/p>\n<\/p>\n<p>&nbsp;<\/p>\n<\/p>\n<p>&nbsp;<\/p>\n<\/p>\n<p>Nous terminerons par une excursion en Finlande soit de l&rsquo;&eacute;cole dite &laquo;&nbsp;du bonheur&nbsp;&raquo;. <span style=\"color: #000000;\">&#8230;&rArr;<\/span><\/p>\n<\/p>\n<p>&nbsp;<\/p>\n<p>[\/et_pb_text][\/et_pb_column][et_pb_column type=&#8221;1_2&#8243; parallax=&#8221;off&#8221; parallax_method=&#8221;on&#8221;][et_pb_text admin_label=&#8221;Texte&#8221;]<\/p>\n<p>&nbsp;<\/p>\n<p>&nbsp;<\/p>\n<p>[\/et_pb_text][et_pb_image src=&#8221;http:\/\/www.btsa-mancy.fr\/wp-content\/uploads\/2017\/01\/globe-1.png&#8221; admin_label=&#8221;Image&#8221;] [\/et_pb_image][et_pb_text admin_label=&#8221;Texte&#8221;]<\/p>\n<p>&nbsp;<\/p>\n<p>&nbsp;<\/p>\n<p>&nbsp;<\/p>\n<p><span style=\"color: #000000;\">&#8230;\u21d2<\/span>\u00a0Ce mod\u00e8le \u00e9ducatif y est g\u00e9r\u00e9 dans le respect du d\u00e9veloppement psychologique des \u00e9l\u00e8ves. L\u2019\u00e9cole finlandaise apporte de l\u2019importance sur trois points : la p\u00e9dagogie du jeu, l&#8217;organisation mat\u00e9rielle (infrastructures) et la qualit\u00e9 de l&#8217;encadrement humain. Le programme est organis\u00e9 de mani\u00e8re ludique et \u00e9ducative et toutes les mati\u00e8res sont consid\u00e9r\u00e9es avec la m\u00eame importance. Ce syst\u00e8me scolaire et la bienveillance des \u00e9ducateurs permettent une s\u00e9curit\u00e9 psychoaffective et une confiance au sein de l\u2019\u00e9cole qui stimule l\u2019envie d\u2019apprendre et motive pour travailler dans la joie et l\u2019enthousiasme.<\/p>\n<p>&nbsp;<\/p>\n<p>[\/et_pb_text][\/et_pb_column][\/et_pb_row][et_pb_row admin_label=&#8221;Ligne&#8221;][et_pb_column type=&#8221;1_2&#8243; parallax=&#8221;off&#8221; parallax_method=&#8221;on&#8221;][et_pb_image src=&#8221;http:\/\/www.btsa-mancy.fr\/wp-content\/uploads\/2017\/01\/heureux.png&#8221; admin_label=&#8221;Image&#8221;] [\/et_pb_image][\/et_pb_column][et_pb_column type=&#8221;1_2&#8243; parallax=&#8221;off&#8221; parallax_method=&#8221;on&#8221;][\/et_pb_column][\/et_pb_row][et_pb_row admin_label=&#8221;Ligne&#8221;][et_pb_column type=&#8221;4_4&#8243; parallax=&#8221;off&#8221; parallax_method=&#8221;on&#8221;][\/et_pb_column][\/et_pb_row][\/et_pb_section][et_pb_section fb_built=&#8221;1&#8243; admin_label=&#8221;Section&#8221;][et_pb_row admin_label=&#8221;Ligne&#8221;][et_pb_column type=&#8221;4_4&#8243; parallax=&#8221;off&#8221; parallax_method=&#8221;on&#8221;][et_pb_text admin_label=&#8221;Texte&#8221;]<\/p>\n<p>L&rsquo;&eacute;cole fran&ccedil;aise a encore bien des progr&egrave;s &agrave; faire pour comprendre ses &eacute;coliers parfois d&eacute;boussol&eacute;s. Ce syst&egrave;me unipersonnel doit imp&eacute;rativement changer tant au niveau du fond que de la forme. Travailler selon une p&eacute;dagogie adapt&eacute;e au syst&egrave;me c&eacute;r&eacute;bral semble &ecirc;tre une &eacute;vidence pour que chacun puisse &eacute;voluer &agrave; son rythme et avec les m&eacute;thodes qui lui conviennent. Ainsi, il est important que les politiques prennent conscience de l&rsquo;importance qu&rsquo;occupe l&rsquo;institution scolaire qui construit les citoyens de demain. Faisons face aux maladies psychologiques en les combattant depuis leur source.<\/p>\n<p>[\/et_pb_text][et_pb_text admin_label=&#8221;Texte&#8221;]<\/p>\n<h5 style=\"text-align: center;\"><\/h5>\n<\/p>\n<h5 style=\"text-align: center;\"><span style=\"color: #edb400;\"><strong>Le bonheur &agrave; l&#8217;\u0092&eacute;cole ne permettrait-il pas le bonheur de la soci&eacute;t&eacute;&nbsp;?<\/strong><\/span><\/h5>\n<p>[\/et_pb_text][\/et_pb_column][\/et_pb_row][\/et_pb_section][et_pb_section fb_built=&#8221;1&#8243; admin_label=&#8221;Section&#8221;][et_pb_row admin_label=&#8221;Ligne&#8221;][et_pb_column type=&#8221;4_4&#8243; parallax=&#8221;off&#8221; parallax_method=&#8221;on&#8221;][et_pb_text admin_label=&#8221;Texte&#8221;]<\/p>\n<p style=\"padding-left: 240px; text-align: right;\"><a href=\"http:\/\/www.btsa-mancy.fr\/?attachment_id=1826\" rel=\"attachment wp-att-1826\"><img loading=\"lazy\" class=\"wp-image-1826 alignright\" src=\"http:\/\/www.btsa-mancy.fr\/wp-content\/uploads\/2017\/01\/Image1.png\" alt=\"\" width=\"65\" height=\"65\" srcset=\"https:\/\/www.btsa-mancy.fr\/wp-content\/uploads\/2017\/01\/Image1.png 167w, https:\/\/www.btsa-mancy.fr\/wp-content\/uploads\/2017\/01\/Image1-150x150.png 150w\" sizes=\"(max-width: 65px) 100vw, 65px\" \/><\/a><\/p>\n<p style=\"padding-left: 240px; text-align: right;\">L\u00e9a Delann\u00e9e et Priscille Perret &#8211; 12 janvier 2017<\/p>\n<p>[\/et_pb_text][\/et_pb_column][\/et_pb_row][\/et_pb_section][et_pb_section fb_built=&#8221;1&#8243; padding_mobile=&#8221;off&#8221; admin_label=&#8221;Section&#8221; collapsed=&#8221;off&#8221;][et_pb_row admin_label=&#8221;Ligne&#8221;][et_pb_column type=&#8221;4_4&#8243; parallax=&#8221;off&#8221; parallax_method=&#8221;on&#8221;][\/et_pb_column][\/et_pb_row][\/et_pb_section]<\/p>\n","protected":false},"excerpt":{"rendered":"<p>[et_pb_section fb_built=&#8221;1&#8243; admin_label=&#8221;section&#8221;][et_pb_row admin_label=&#8221;row&#8221;][et_pb_column type=&#8221;4_4&#8243; parallax=&#8221;off&#8221; parallax_method=&#8221;on&#8221;][et_pb_image src=&#8221;http:\/\/www.btsa-mancy.fr\/wp-content\/uploads\/2017\/01\/lours-livres.jpg&#8221; admin_label=&#8221;Image&#8221;] [\/et_pb_image][et_pb_text admin_label=&#8221;Texte&#8221;] Nous connaissons tous l&rsquo;&eacute;cole, et vous &ecirc;tes les premiers &agrave; vous y int&eacute;resser. Oui, vous qui &ecirc;tes en train de parcourir le site et en train de chercher votre orientation. Mais aussi vous qui voulez &ecirc;tre s&ucirc;rs de trouver la bonne &eacute;cole pour votre [&hellip;]<\/p>\n","protected":false},"author":5,"featured_media":0,"comment_status":"open","ping_status":"open","sticky":false,"template":"","format":"standard","meta":{"_et_pb_use_builder":"on","_et_pb_old_content":"<p><strong>Le cartable de l\u0092\u00e9cole lourd \u00e0 porter<\/strong><\/p><p><em>Nous connaissons tous l\u2019\u00e9cole, et vous \u00eates les premiers \u00e0 vous y int\u00e9resser. Oui, vous qui \u00eates en train de parcourir le site et en train de chercher votre orientation. Mais aussi vous qui voulez \u00eatre s\u00fbrs de trouver la bonne \u00e9cole pour votre enfant, pour \u00eatre certains qu\u2019elle lui plaira, qu\u2019il y sera bien et qu\u2019il vous ram\u00e8nera un bon bulletin. Mais alors que cherchez-vous\u00a0? Pourquoi tel ou tel \u00e9tablissement\u00a0? Pourquoi aller plus loin alors qu\u2019il y a la m\u00eame \u00e0 c\u00f4t\u00e9 de chez vous\u00a0? Ces questionnements nous en posent \u00a0un de plus grande ampleur\u00a0: Le bonheur a-t-il sa place sur les bancs de l\u2019\u00e9cole du XXI\u00e8me si\u00e8cle\u00a0?<\/em><\/p>","_et_gb_content_width":""},"categories":[45],"tags":[],"_links":{"self":[{"href":"https:\/\/www.btsa-mancy.fr\/index.php?rest_route=\/wp\/v2\/posts\/1731"}],"collection":[{"href":"https:\/\/www.btsa-mancy.fr\/index.php?rest_route=\/wp\/v2\/posts"}],"about":[{"href":"https:\/\/www.btsa-mancy.fr\/index.php?rest_route=\/wp\/v2\/types\/post"}],"author":[{"embeddable":true,"href":"https:\/\/www.btsa-mancy.fr\/index.php?rest_route=\/wp\/v2\/users\/5"}],"replies":[{"embeddable":true,"href":"https:\/\/www.btsa-mancy.fr\/index.php?rest_route=%2Fwp%2Fv2%2Fcomments&post=1731"}],"version-history":[{"count":61,"href":"https:\/\/www.btsa-mancy.fr\/index.php?rest_route=\/wp\/v2\/posts\/1731\/revisions"}],"predecessor-version":[{"id":1980,"href":"https:\/\/www.btsa-mancy.fr\/index.php?rest_route=\/wp\/v2\/posts\/1731\/revisions\/1980"}],"wp:attachment":[{"href":"https:\/\/www.btsa-mancy.fr\/index.php?rest_route=%2Fwp%2Fv2%2Fmedia&parent=1731"}],"wp:term":[{"taxonomy":"category","embeddable":true,"href":"https:\/\/www.btsa-mancy.fr\/index.php?rest_route=%2Fwp%2Fv2%2Fcategories&post=1731"},{"taxonomy":"post_tag","embeddable":true,"href":"https:\/\/www.btsa-mancy.fr\/index.php?rest_route=%2Fwp%2Fv2%2Ftags&post=1731"}],"curies":[{"name":"wp","href":"https:\/\/api.w.org\/{rel}","templated":true}]}}